{"id":3418,"date":"2023-02-04T18:25:16","date_gmt":"2023-02-04T18:25:16","guid":{"rendered":"https:\/\/doktorica.org\/?p=3418"},"modified":"2023-02-04T18:26:10","modified_gmt":"2023-02-04T18:26:10","slug":"prica-za-dobro-vece-3","status":"publish","type":"post","link":"http:\/\/doktorica.org\/index.php\/2023\/02\/04\/prica-za-dobro-vece-3\/","title":{"rendered":"Prica za dobro vece"},"content":{"rendered":"<div class=\"entry\">\n\n\n<p>Kad sam bio mali mama mi je govorila da zimi ne idem bez kape. Nisam je slu\u0161ao pa danas imam hroni\u010dnu upalu sinusa.<\/p>\n\n\n\n<p>U osnovnoj me je molila da radim doma\u0107e na vreme. A ja bio kampanjac. Ih, koliko ma ta navika samo ko\u0161ta.<\/p>\n\n\n\n<p>U srednjoj mi je govorila da se ne vra\u0107am kasno sa treninga. Nisam je slu\u0161ao pa sam uvek bio pospan prva dva \u010dasa slede\u0107eg dana.<\/p>\n\n\n\n<p>Na fakultetu me je molila da ne padnem godinu. A ja pao dve.<\/p>\n\n\n\n<p>Malo kasnije me u\u010dila da je najbolja hrana ona koja je se gaji na na\u0161em placu. Nisam joj verovao pa danas jedem tre\u0107u klasu \u0161panske boranije iz supermarketa \u2013 i to za ogromne pare.<\/p>\n\n\n\n<p>Kada sam odlazio na studije \u017eelela je da se jednom vratim. Evo me i danas, posle 31. godine, u tu\u0111ini.<\/p>\n\n\n\n<p>Pa me je u\u010dila da je porodica najva\u017enija i da treba da se o\u017eenim i imam decu. O\u017eenio se jesam \u2013 ali sa poslom pa me maltretiraju kao da imam najneodgovorniju decu sveta.<\/p>\n\n\n\n<p>Mama nije imala fakultet a umela je da od jednog dinara napravi deset, celo moje detinjstvo. Gledam ove moje \u0161efove u firmi pa se mislim da ste i\u0161li u \u0161kolu kod moje mame sada nam bi bilo puno bolje.<\/p>\n\n\n\n<p>Mama tako\u0111e, nije i\u0161la na kurseve kulinarstva. Ali je bez obzira na to prvak sveta za ove izvikane \u0161efove kuhinja koji svakog puta uspeju da me ostave gladnog kada iza\u0111em iz njihovog restorana.<\/p>\n\n\n\n<p>Sada mame vi\u0161e nema. Uvek sam je voleo i od srca po\u0161tovao. A za\u0161to je nikada nisam slu\u0161ao do sada mi nije jasno.<\/p>\n\n\n\n<p>Mada, sve je to ona znala \u2013 moja predivna mama.<\/p>\n\n\n\n<p>Pozdrav svima, a posebno mamama celog sveta.<br>\u3000\u3000\u3000\u3000<br>Goran Vuk<\/p>\n\n\n\n<figure class=\"wp-block-gallery has-nested-images columns-default is-cropped wp-block-gallery-1 is-layout-flex wp-block-gallery-is-layout-flex\">\n<figure class=\"wp-block-image\"><img loading=\"lazy\" decoding=\"async\" width=\"1024\" height=\"683\" data-id=\"3416\" src=\"https:\/\/doktorica.org\/wp-content\/uploads\/2023\/02\/px-downloadgf126d840c7b82a54bee46f9c6fcc6747a1dfd836504582e9ab6f6370f14705b0e9ba640642da24ffb43b87b3ef57d83971cf8ddafc6f6a5230826848ccee7260_1920-1024x683.jpg\" alt=\"\" class=\"wp-image-3416\" srcset=\"http:\/\/doktorica.org\/wp-content\/uploads\/2023\/02\/px-downloadgf126d840c7b82a54bee46f9c6fcc6747a1dfd836504582e9ab6f6370f14705b0e9ba640642da24ffb43b87b3ef57d83971cf8ddafc6f6a5230826848ccee7260_1920-1024x683.jpg 1024w, http:\/\/doktorica.org\/wp-content\/uploads\/2023\/02\/px-downloadgf126d840c7b82a54bee46f9c6fcc6747a1dfd836504582e9ab6f6370f14705b0e9ba640642da24ffb43b87b3ef57d83971cf8ddafc6f6a5230826848ccee7260_1920-300x200.jpg 300w, http:\/\/doktorica.org\/wp-content\/uploads\/2023\/02\/px-downloadgf126d840c7b82a54bee46f9c6fcc6747a1dfd836504582e9ab6f6370f14705b0e9ba640642da24ffb43b87b3ef57d83971cf8ddafc6f6a5230826848ccee7260_1920-768x512.jpg 768w, http:\/\/doktorica.org\/wp-content\/uploads\/2023\/02\/px-downloadgf126d840c7b82a54bee46f9c6fcc6747a1dfd836504582e9ab6f6370f14705b0e9ba640642da24ffb43b87b3ef57d83971cf8ddafc6f6a5230826848ccee7260_1920-1536x1024.jpg 1536w, http:\/\/doktorica.org\/wp-content\/uploads\/2023\/02\/px-downloadgf126d840c7b82a54bee46f9c6fcc6747a1dfd836504582e9ab6f6370f14705b0e9ba640642da24ffb43b87b3ef57d83971cf8ddafc6f6a5230826848ccee7260_1920.jpg 1920w\" sizes=\"auto, (max-width: 1024px) 100vw, 1024px\" \/><\/figure>\n<\/figure>\n\n\n<\/div>","protected":false},"excerpt":{"rendered":"<p>Kad sam bio mali mama mi je govorila da zimi ne idem bez kape. Nisam je slu\u0161ao pa danas imam hroni\u010dnu upalu sinusa. U osnovnoj me je molila da radim doma\u0107e na vreme. A ja bio kampanjac. Ih, koliko ma ta navika samo ko\u0161ta. U srednjoj mi je govorila da se ne vra\u0107am kasno sa &#8230;<\/p>\n","protected":false},"author":1,"featured_media":3417,"comment_status":"closed","ping_status":"closed","sticky":false,"template":"","format":"standard","meta":{"footnotes":""},"categories":[3],"tags":[662],"class_list":["post post-3418","anons"],"_links":{"self":[{"href":"http:\/\/doktorica.org\/index.php\/wp-json\/wp\/v2\/posts\/3418","targetHints":{"allow":["GET"]}}],"collection":[{"href":"http:\/\/doktorica.org\/index.php\/wp-json\/wp\/v2\/posts"}],"about":[{"href":"http:\/\/doktorica.org\/index.php\/wp-json\/wp\/v2\/types\/post"}],"author":[{"embeddable":true,"href":"http:\/\/doktorica.org\/index.php\/wp-json\/wp\/v2\/users\/1"}],"replies":[{"embeddable":true,"href":"http:\/\/doktorica.org\/index.php\/wp-json\/wp\/v2\/comments?post=3418"}],"version-history":[{"count":1,"href":"http:\/\/doktorica.org\/index.php\/wp-json\/wp\/v2\/posts\/3418\/revisions"}],"predecessor-version":[{"id":3419,"href":"http:\/\/doktorica.org\/index.php\/wp-json\/wp\/v2\/posts\/3418\/revisions\/3419"}],"wp:featuredmedia":[{"embeddable":true,"href":"http:\/\/doktorica.org\/index.php\/wp-json\/wp\/v2\/media\/3417"}],"wp:attachment":[{"href":"http:\/\/doktorica.org\/index.php\/wp-json\/wp\/v2\/media?parent=3418"}],"wp:term":[{"taxonomy":"category","embeddable":true,"href":"http:\/\/doktorica.org\/index.php\/wp-json\/wp\/v2\/categories?post=3418"},{"taxonomy":"post_tag","embeddable":true,"href":"http:\/\/doktorica.org\/index.php\/wp-json\/wp\/v2\/tags?post=3418"}],"curies":[{"name":"wp","href":"https:\/\/api.w.org\/{rel}","templated":true}]}}